{"id":227,"date":"2021-06-22T13:16:08","date_gmt":"2021-06-22T11:16:08","guid":{"rendered":"http:\/\/motodev.be\/?p=227"},"modified":"2021-06-22T13:27:28","modified_gmt":"2021-06-22T11:27:28","slug":"motodev-au-parlement-wallon","status":"publish","type":"post","link":"https:\/\/motodev.be\/?p=227","title":{"rendered":"Motodev au Parlement Wallon"},"content":{"rendered":"<div class=\"kvgmc6g5 cxmmr5t8 oygrvhab hcukyx3x c1et5uql ii04i59q\">\n<div dir=\"auto\">Bonjour \u00e0 tous,<\/div>\n<div dir=\"auto\"><\/div>\n<div dir=\"auto\">Ce 21\/06, nous avons \u00e9t\u00e9 entendus au parlement wallon concernant la probl\u00e9matique du manque de circuits permanents.<\/div>\n<div dir=\"auto\">Ceci fait suite \u00e0 la p\u00e9tition qui a \u00e9t\u00e9 lanc\u00e9e par <a class=\"oajrlxb2 g5ia77u1 qu0x051f esr5mh6w e9989ue4 r7d6kgcz rq0escxv nhd2j8a9 nc684nl6 p7hjln8o kvgmc6g5 cxmmr5t8 oygrvhab hcukyx3x jb3vyjys rz4wbd8a qt6c0cv9 a8nywdso i1ao9s8h esuyzwwr f1sip0of lzcic4wl q66pz984 gpro0wi8 b1v8xokw\" tabindex=\"0\" role=\"link\" href=\"https:\/\/www.facebook.com\/groups\/2763731643899167\/user\/690470667\/?__cft__[0]=AZUm3v-AVt-e-a2XkclXzxYvsEroUBB8aRWeH7X-2GxDy-Cq-ViiSeOTuIz0TS0ZXnMicA5LwUFuMt6XrsE6qqQ24mgumTN5GVuzOPqKkMlgZSG75Hpl7EqmUBOva0ifjAISJHEdGrMRWSV_gtHYofckiFkIcKw20rBTi7tM6P03Tivm22iuNASgKjHQ75FgCrrNts0HpyV99IOZf3xoJZ_c&amp;__tn__=-]K-y-R\"><span class=\"nc684nl6\">Renaud Dejardin<\/span><\/a> en mars .<\/div>\n<div dir=\"auto\"><\/div>\n<div dir=\"auto\">Pour info, le nombre de signatures r\u00e9colt\u00e9es a atteint un record au parlement, preuve que notre dossier doit \u00eatre pris au s\u00e9rieux . <span class=\"pq6dq46d tbxw36s4 knj5qynh kvgmc6g5 ditlmg2l oygrvhab nvdbi5me sf5mxxl7 gl3lb2sf hhz5lgdu\"><img src=\"https:\/\/static.xx.fbcdn.net\/images\/emoji.php\/v9\/t57\/1\/16\/1f609.png\" alt=\"\ud83d\ude09\" width=\"16\" height=\"16\" \/><\/span><\/div>\n<div dir=\"auto\"><\/div>\n<div dir=\"auto\">Nous avons v\u00e9cu une apr\u00e8s-midi tr\u00e8s constructive, avec un parlement tr\u00e8s attentif, et qui a soulign\u00e9 la qualit\u00e9 du dossier pr\u00e9sent\u00e9.<\/div>\n<div dir=\"auto\">Le travail ne s&#8217;arr\u00eate pas l\u00e0, bien au contraire, mais il s&#8217;agit d&#8217;une \u00e9tape suppl\u00e9mentaire dans le long chemin qui reste encore \u00e0 parcourir.<\/div>\n<div dir=\"auto\"><\/div>\n<div dir=\"auto\">Si vous avez du temps, vous pouvez revoir l&#8217;intervention de Renaud , dont voici le lien , \u00e0 partir de 1h18.<\/div>\n<div dir=\"auto\"><\/div>\n<div dir=\"auto\"><a class=\"oajrlxb2 g5ia77u1 qu0x051f esr5mh6w e9989ue4 r7d6kgcz rq0escxv nhd2j8a9 nc684nl6 p7hjln8o kvgmc6g5 cxmmr5t8 oygrvhab hcukyx3x jb3vyjys rz4wbd8a qt6c0cv9 a8nywdso i1ao9s8h esuyzwwr f1sip0of lzcic4wl py34i1dx gpro0wi8\" tabindex=\"0\" role=\"link\" href=\"https:\/\/www.youtube.com\/watch?v=E-oY-zjvgZA&amp;fbclid=IwAR0b1njdjrDnCz3Eh-eGajywXdFSTQzxJiTJnrFLoLxE2SS274FYAD7WSjk\" target=\"_blank\" rel=\"nofollow noopener\">https:\/\/www.youtube.com\/watch?v=E-oY-zjvgZA<\/a><\/div>\n<\/div>\n<div dir=\"auto\"><\/div>\n<div dir=\"auto\">Vous pouvez consulter notre plaidoyer sur le lien suivant:<\/div>\n<div dir=\"auto\"><a href=\"http:\/\/motodev.be\/?page_id=232\">http:\/\/motodev.be\/?page_id=232<\/a><\/div>\n<div dir=\"auto\"><\/div>\n<div class=\"kvgmc6g5 cxmmr5t8 oygrvhab hcukyx3x c1et5uql ii04i59q\">\n<div dir=\"auto\">A tr\u00e8s vite pour d&#8217;autres news.<\/div>\n<\/div>\n","protected":false},"excerpt":{"rendered":"<p>Bonjour \u00e0 tous, Ce 21\/06, nous avons \u00e9t\u00e9 entendus au [&hellip;]<\/p>\n","protected":false},"author":1,"featured_media":229,"comment_status":"open","ping_status":"open","sticky":false,"template":"","format":"standard","meta":{"_monsterinsights_skip_tracking":false,"_monsterinsights_sitenote_active":false,"_monsterinsights_sitenote_note":"","_monsterinsights_sitenote_category":0},"categories":[1],"tags":[],"_links":{"self":[{"href":"https:\/\/motodev.be\/index.php?rest_route=\/wp\/v2\/posts\/227"}],"collection":[{"href":"https:\/\/motodev.be\/index.php?rest_route=\/wp\/v2\/posts"}],"about":[{"href":"https:\/\/motodev.be\/index.php?rest_route=\/wp\/v2\/types\/post"}],"author":[{"embeddable":true,"href":"https:\/\/motodev.be\/index.php?rest_route=\/wp\/v2\/users\/1"}],"replies":[{"embeddable":true,"href":"https:\/\/motodev.be\/index.php?rest_route=%2Fwp%2Fv2%2Fcomments&post=227"}],"version-history":[{"count":3,"href":"https:\/\/motodev.be\/index.php?rest_route=\/wp\/v2\/posts\/227\/revisions"}],"predecessor-version":[{"id":241,"href":"https:\/\/motodev.be\/index.php?rest_route=\/wp\/v2\/posts\/227\/revisions\/241"}],"wp:featuredmedia":[{"embeddable":true,"href":"https:\/\/motodev.be\/index.php?rest_route=\/wp\/v2\/media\/229"}],"wp:attachment":[{"href":"https:\/\/motodev.be\/index.php?rest_route=%2Fwp%2Fv2%2Fmedia&parent=227"}],"wp:term":[{"taxonomy":"category","embeddable":true,"href":"https:\/\/motodev.be\/index.php?rest_route=%2Fwp%2Fv2%2Fcategories&post=227"},{"taxonomy":"post_tag","embeddable":true,"href":"https:\/\/motodev.be\/index.php?rest_route=%2Fwp%2Fv2%2Ftags&post=227"}],"curies":[{"name":"wp","href":"https:\/\/api.w.org\/{rel}","templated":true}]}}