{"id":243,"date":"2021-09-29T11:36:03","date_gmt":"2021-09-29T09:36:03","guid":{"rendered":"http:\/\/motodev.be\/?p=243"},"modified":"2021-09-29T11:36:32","modified_gmt":"2021-09-29T09:36:32","slug":"243","status":"publish","type":"post","link":"https:\/\/motodev.be\/?p=243","title":{"rendered":"Besoin de financement &#8211; Appel aux dons"},"content":{"rendered":"<div class=\"f10w8fjw\" dir=\"auto\">\n<div class=\"\" dir=\"auto\">\n<div class=\"ecm0bbzt hv4rvrfc e5nlhep0 dati1w0a\" data-ad-comet-preview=\"message\" data-ad-preview=\"message\">\n<div class=\"j83agx80 cbu4d94t ew0dbk1b irj2b8pg\">\n<div class=\"qzhwtbm6 knvmm38d\">\n<div class=\"kvgmc6g5 cxmmr5t8 oygrvhab hcukyx3x c1et5uql ii04i59q\">\n<div dir=\"auto\">Chers passionn\u00e9s de moto tout terrain,<\/div>\n<div dir=\"auto\"><\/div>\n<\/div>\n<div class=\"o9v6fnle cxmmr5t8 oygrvhab hcukyx3x c1et5uql ii04i59q\">\n<div dir=\"auto\">Comme vous avez pu le remarquer, notre ASBL MOTODEV n\u2019a pas ch\u00f4m\u00e9 au cours des derniers mois, m\u00eame si nous n&#8217;avons pas beaucoup ( assez )communiqu\u00e9.<\/div>\n<div dir=\"auto\">Notre passage au parlement wallon, rendu possible gr\u00e2ce \u00e0 la p\u00e9tition que vous avez \u00e9t\u00e9 nombreux \u00e0 signer, a permis de faire un grand pas en avant. Mais il n\u2019est pas encore temps de crier victoire.<\/div>\n<div dir=\"auto\"><\/div>\n<div dir=\"auto\">Nos objectifs restent inchang\u00e9s : l\u2019ouverture de circuits d&#8217;entra\u00eenement, l\u2019aide aux clubs qui connaissent des difficult\u00e9s pour l\u2019organisation d&#8217;\u00e9preuves et la r\u00e9duction des \u00e9missions sonores de notre discipline qui va de paire (et qui passera, entre autres, par le d\u00e9veloppement de la moto \u00e9lectrique).<\/div>\n<div dir=\"auto\">Nous sommes tous anim\u00e9s par la m\u00eame passion et la m\u00eame envie de faire bouger les choses. Nous y consacrons beaucoup de temps, et d&#8217;\u00e9nergie.<\/div>\n<div dir=\"auto\"><\/div>\n<div dir=\"auto\">Depuis quelques jours, certains \u00e9v\u00e8nements nous prouvent qu\u2019il est urgent de r\u00e9agir, de se structurer encore davantage et de se faire entendre par voie l\u00e9gale. Nous remarquons quotidiennement qu\u2019une aide juridique est incontournable si nous voulons faire \u00e9voluer les choses au niveau r\u00e9glementaire. Par ailleurs, la FFM l\u2019a bien compris puisqu\u2019elle s&#8217;est entour\u00e9e depuis de nombreuses ann\u00e9es de juristes sp\u00e9cialis\u00e9s. Cette aide indispensable nous sera apport\u00e9e par un cabinet d\u2019avocats que nous avons rencontr\u00e9s. Ces juristes sont sp\u00e9cialis\u00e9s dans les domaines qui touchent aux permis d&#8217;environnement qui nous posent tant probl\u00e8me pour ouvrir des circuits ou organiser des \u00e9preuves ponctuelles. Ils sont pr\u00eats \u00e0 nous accompagner dans notre combat et partagent le m\u00eame \u00e9tat d\u2019esprit. Ils nous ferons b\u00e9n\u00e9ficier d\u2019honoraires pr\u00e9f\u00e9rentiels.<\/div>\n<div dir=\"auto\"><\/div>\n<div dir=\"auto\">Pour r\u00e9aliser concr\u00e9tiser nos actions, nous avons donc besoin de financement.<\/div>\n<div dir=\"auto\"><\/div>\n<div dir=\"auto\">Nous avons d\u00e9j\u00e0 sollicit\u00e9 les f\u00e9d\u00e9rations.<\/div>\n<div dir=\"auto\">Nous faisons \u00e0 pr\u00e9sent appel aux importateurs, aux dealers, aux \u00e9quipementiers, aux clubs, aux pratiquants et aux passionn\u00e9s. Toute aide est le bienvenue. Vous pouvez faire un don sur le compte de l&#8217;ASBL. Pour les ind\u00e9pendants et les soci\u00e9t\u00e9s ce don sera accompagn\u00e9 d\u2019une attestation permettant une d\u00e9duction fiscale.<\/div>\n<div dir=\"auto\">Ind\u00e9niablement, des choses avancent positivement pour notre discipline. Nous en avons encore la preuve avec le r\u00e9cent octroi des subsides pour le circuit de Lierneux.<\/div>\n<div dir=\"auto\"><\/div>\n<div dir=\"auto\">Cependant, il faut craindre que ce soutien ne soit pas au go\u00fbt de tous. Il faut donc nous en pr\u00e9munir et \u00eatre pr\u00eat \u00e0 r\u00e9agir.<\/div>\n<div dir=\"auto\"><\/div>\n<div dir=\"auto\">La solidarit\u00e9 est l\u2019arme la plus redoutable. Le mobilisation autour de la p\u00e9tition l&#8217;a encore prouv\u00e9 (nous d\u00e9tenons le record de signatures d&#8217;une p\u00e9tition au parlement wallon).<\/div>\n<div dir=\"auto\">Merci d\u00e9j\u00e0 pour votre soutien et votre engagement.<\/div>\n<\/div>\n<div class=\"o9v6fnle cxmmr5t8 oygrvhab hcukyx3x c1et5uql ii04i59q\">\n<div dir=\"auto\"><\/div>\n<div dir=\"auto\">MOTODEV<\/div>\n<\/div>\n<div class=\"o9v6fnle cxmmr5t8 oygrvhab hcukyx3x c1et5uql ii04i59q\">\n<div dir=\"auto\"><\/div>\n<div dir=\"auto\">Voici le num\u00e9ro de compte pour tout versement : BE59068904845026, au nom de l&#8217;ASBL MOTODEV.<\/div>\n<div dir=\"auto\"><\/div>\n<div dir=\"auto\">Voici l&#8217;adresse e-mail \u00e0 laquelle vous pouvez envoyer votre demande d&#8217;attestation pour la d\u00e9duction fiscale de votre don (r\u00e9serv\u00e9 aux ind\u00e9pendants et soci\u00e9t\u00e9s) : d.hermand@motodev.be<\/div>\n<\/div>\n<\/div>\n<\/div>\n<\/div>\n<\/div>\n<\/div>\n","protected":false},"excerpt":{"rendered":"<p>Chers passionn\u00e9s de moto tout terrain, Comme vous avez pu [&hellip;]<\/p>\n","protected":false},"author":1,"featured_media":0,"comment_status":"open","ping_status":"open","sticky":false,"template":"","format":"standard","meta":{"_monsterinsights_skip_tracking":false,"_monsterinsights_sitenote_active":false,"_monsterinsights_sitenote_note":"","_monsterinsights_sitenote_category":0},"categories":[1],"tags":[],"_links":{"self":[{"href":"https:\/\/motodev.be\/index.php?rest_route=\/wp\/v2\/posts\/243"}],"collection":[{"href":"https:\/\/motodev.be\/index.php?rest_route=\/wp\/v2\/posts"}],"about":[{"href":"https:\/\/motodev.be\/index.php?rest_route=\/wp\/v2\/types\/post"}],"author":[{"embeddable":true,"href":"https:\/\/motodev.be\/index.php?rest_route=\/wp\/v2\/users\/1"}],"replies":[{"embeddable":true,"href":"https:\/\/motodev.be\/index.php?rest_route=%2Fwp%2Fv2%2Fcomments&post=243"}],"version-history":[{"count":3,"href":"https:\/\/motodev.be\/index.php?rest_route=\/wp\/v2\/posts\/243\/revisions"}],"predecessor-version":[{"id":246,"href":"https:\/\/motodev.be\/index.php?rest_route=\/wp\/v2\/posts\/243\/revisions\/246"}],"wp:attachment":[{"href":"https:\/\/motodev.be\/index.php?rest_route=%2Fwp%2Fv2%2Fmedia&parent=243"}],"wp:term":[{"taxonomy":"category","embeddable":true,"href":"https:\/\/motodev.be\/index.php?rest_route=%2Fwp%2Fv2%2Fcategories&post=243"},{"taxonomy":"post_tag","embeddable":true,"href":"https:\/\/motodev.be\/index.php?rest_route=%2Fwp%2Fv2%2Ftags&post=243"}],"curies":[{"name":"wp","href":"https:\/\/api.w.org\/{rel}","templated":true}]}}